{"id":35295,"date":"2026-04-17T11:39:17","date_gmt":"2026-04-17T09:39:17","guid":{"rendered":"https:\/\/dev.easyteam.org\/lissonemontalcini\/?p=35295"},"modified":"2026-04-17T11:39:17","modified_gmt":"2026-04-17T09:39:17","slug":"accreditamento-erasmus-2024-25","status":"publish","type":"post","link":"https:\/\/dev.easyteam.org\/lissonemontalcini\/accreditamento-erasmus-2024-25\/","title":{"rendered":"Erasmus+ 2024\/25"},"content":{"rendered":"\r\n<p>Anche durante l&#8217;a.s. 2024-25 \u00e8 proseguita l&#8217;esperienza Erasmus+, che ha coinvolto sia studenti che insegnanti.<\/p>\r\n\r\n\r\n\r\n<p>Per quanto riguarda gli studenti, la grande novit\u00e0 di quest&#8217;anno \u00e8 stata la reciprocit\u00e0: non solo alcuni nostri alunni della scuola Far\u00e8 sono stati ospitati da una scuola polacca, ma anche alcuni alunni polacchi sono arrivati a Lissone, sono stati ospitati in famiglia e hanno partecipato alle attivit\u00e0 della nostra scuola per una settimana. Un&#8217;esperienza davvero arricchente!<\/p>\r\n\r\n\r\n\r\n<p>La mobilit\u00e0 degli insegnanti ha invece coinvolto le insegnanti delle scuole dell&#8217;Infanzia e della Primaria, per delle esperienze di studio e di job shadowing.<\/p>\r\n\r\n\r\n\r\n<p>Se vuoi saperne di pi\u00f9, leggi gli articoli ai seguenti link.<\/p>\r\n\r\n\r\n\r\n<p><\/p>\r\n\r\n\r\n\r\n<p>MOBILITA&#8217; DOCENTI: <\/p>\r\n\r\n\r\n\r\n<p><a href=\"https:\/\/www.iclissonesecondo.edu.it\/erasmus-barcellona\/\">Mobilit\u00e0 docenti -BARCELLONA<\/a><\/p>\r\n\r\n\r\n\r\n<p><a href=\"https:\/\/www.iclissonesecondo.edu.it\/erasmus-infanzia\/\">Mobilit\u00e0 docenti &#8211; PRAGA<\/a><\/p>\r\n\r\n\r\n\r\n<p><\/p>\r\n\r\n\r\n\r\n<p>MOBILITA&#8217; STUDENTI: <\/p>\r\n\r\n\r\n\r\n<p><a href=\"https:\/\/www.iclissonesecondo.edu.it\/al-via-lavventura-erasmus-benvenuti-agli-studenti-polacchi\/\">Benvenuto agli studenti Polacchi<\/a><\/p>\r\n\r\n\r\n\r\n<p><a href=\"https:\/\/www.iclissonesecondo.edu.it\/un-ponte-tra-culture-lesperienza-erasmus-nella-nostra-scuola\/\" data-type=\"link\" data-id=\"https:\/\/www.iclissonesecondo.edu.it\/un-ponte-tra-culture-lesperienza-erasmus-nella-nostra-scuola\/\">G<\/a><a href=\"https:\/\/www.iclissonesecondo.edu.it\/un-ponte-tra-culture-lesperienza-erasmus-nella-nostra-scuola\/\">li studenti polacchi a Lissone<\/a><\/p>\r\n\r\n\r\n\r\n<p><a href=\"https:\/\/www.iclissonesecondo.edu.it\/progetto-erasmus-izabelin-2025\/\" data-type=\"link\" data-id=\"https:\/\/www.iclissonesecondo.edu.it\/progetto-erasmus-izabelin-2025\/\">I nostri studenti in Polonia<\/a><\/p>\r\n\r\n\r\n\r\n<div class=\"wp-block-group\"><div class=\"wp-block-group__inner-container is-layout-constrained wp-block-group-is-layout-constrained\">\r\n<figure class=\"wp-block-image size-large is-resized\"><img decoding=\"async\" data-src=\"http:\/\/www.iclissonesecondo.edu.it\/wp-content\/uploads\/2025\/05\/Schermata-2025-05-26-alle-10.48.10.png\" alt=\"\" style=\"width:638px;height:auto\" src=\"data:image\/svg+xml;base64,PHN2ZyB3aWR0aD0iMSIgaGVpZ2h0PSIxIiB4bWxucz0iaHR0cDovL3d3dy53My5vcmcvMjAwMC9zdmciPjwvc3ZnPg==\" class=\"lazyload\" \/><\/figure>\r\n<\/div><\/div>\r\n\r\n\r\n\r\n<figure class=\"wp-block-image size-large\"><img decoding=\"async\" data-src=\"http:\/\/www.iclissonesecondo.edu.it\/wp-content\/uploads\/2025\/05\/IMG-20250516-WA0005.jpg\" alt=\"\" src=\"data:image\/svg+xml;base64,PHN2ZyB3aWR0aD0iMSIgaGVpZ2h0PSIxIiB4bWxucz0iaHR0cDovL3d3dy53My5vcmcvMjAwMC9zdmciPjwvc3ZnPg==\" class=\"lazyload\" \/><\/figure>\r\n","protected":false},"excerpt":{"rendered":"<p>Anche durante l&#8217;a.s. 2024-25 \u00e8 proseguita l&#8217;esperienza Erasmus+, che ha coinvolto sia studenti che insegnanti. Per quanto riguarda gli studenti, la grande novit\u00e0 di quest&#8217;anno \u00e8 stata la reciprocit\u00e0: non solo alcuni nostri alunni della scuola [&hellip;]<\/p>\n","protected":false},"author":1,"featured_media":0,"comment_status":"closed","ping_status":"closed","sticky":false,"template":"","format":"standard","meta":{"qubely_global_settings":"","qubely_interactions":"","advgb_blocks_editor_width":"","advgb_blocks_columns_visual_guide":"","footnotes":""},"tags":[440,444],"class_list":["post-35295","post","type-post","status-publish","format-standard","hentry","tag-alunni","tag-genitori","tipologia-articolo-erasmus"],"gutentor_comment":0,"qubely_featured_image_url":null,"qubely_author":{"display_name":"Webmaster","author_link":"https:\/\/dev.easyteam.org\/lissonemontalcini\/author\/easyadmin\/"},"qubely_comment":0,"qubely_category":"","qubely_excerpt":"Anche durante l&#8217;a.s. 2024-25 \u00e8 proseguita l&#8217;esperienza Erasmus+, che ha coinvolto sia studenti che insegnanti. Per quanto riguarda gli studenti, la grande novit\u00e0 di quest&#8217;anno \u00e8 stata la reciprocit\u00e0: non solo alcuni nostri alunni della scuola [&hellip;]","author_meta":{"display_name":"Webmaster","author_link":"https:\/\/dev.easyteam.org\/lissonemontalcini\/author\/easyadmin\/"},"featured_img":null,"coauthors":[],"tax_additional":{"tags":{"linked":["<a href=\"\" class=\"advgb-post-tax-term\">alunni<\/a>","<a href=\"\" class=\"advgb-post-tax-term\">genitori<\/a>"],"unlinked":["<span class=\"advgb-post-tax-term\">alunni<\/span>","<span class=\"advgb-post-tax-term\">genitori<\/span>"]}},"comment_count":"0","relative_dates":{"created":"Pubblicato 2 settimane fa","modified":"Aggiornato 2 settimane fa"},"absolute_dates":{"created":"Pubblicato il 17 Aprile 2026","modified":"Aggiornato il 17 Aprile 2026"},"absolute_dates_time":{"created":"Pubblicato il 17 Aprile 2026 11:39","modified":"Aggiornato il 17 Aprile 2026 11:39"},"featured_img_caption":"","series_order":"","publishpress_future_action":{"enabled":false,"date":"2026-05-06 15:21:55","action":"change-status","newStatus":"draft","terms":[],"taxonomy":"tipologia-articolo","extraData":[]},"publishpress_future_workflow_manual_trigger":{"enabledWorkflows":[]},"rttpg_featured_image_url":null,"rttpg_author":{"display_name":"Webmaster","author_link":"https:\/\/dev.easyteam.org\/lissonemontalcini\/author\/easyadmin\/"},"rttpg_comment":0,"rttpg_category":"","rttpg_excerpt":"Anche durante l&#8217;a.s. 2024-25 \u00e8 proseguita l&#8217;esperienza Erasmus+, che ha coinvolto sia studenti che insegnanti. Per quanto riguarda gli studenti, la grande novit\u00e0 di quest&#8217;anno \u00e8 stata la reciprocit\u00e0: non solo alcuni nostri alunni della scuola [&hellip;]","post_mailing_queue_ids":[],"_links":{"self":[{"href":"https:\/\/dev.easyteam.org\/lissonemontalcini\/wp-json\/wp\/v2\/posts\/35295","targetHints":{"allow":["GET"]}}],"collection":[{"href":"https:\/\/dev.easyteam.org\/lissonemontalcini\/wp-json\/wp\/v2\/posts"}],"about":[{"href":"https:\/\/dev.easyteam.org\/lissonemontalcini\/wp-json\/wp\/v2\/types\/post"}],"author":[{"embeddable":true,"href":"https:\/\/dev.easyteam.org\/lissonemontalcini\/wp-json\/wp\/v2\/users\/1"}],"replies":[{"embeddable":true,"href":"https:\/\/dev.easyteam.org\/lissonemontalcini\/wp-json\/wp\/v2\/comments?post=35295"}],"version-history":[{"count":1,"href":"https:\/\/dev.easyteam.org\/lissonemontalcini\/wp-json\/wp\/v2\/posts\/35295\/revisions"}],"predecessor-version":[{"id":35296,"href":"https:\/\/dev.easyteam.org\/lissonemontalcini\/wp-json\/wp\/v2\/posts\/35295\/revisions\/35296"}],"wp:attachment":[{"href":"https:\/\/dev.easyteam.org\/lissonemontalcini\/wp-json\/wp\/v2\/media?parent=35295"}],"wp:term":[{"taxonomy":"post_tag","embeddable":true,"href":"https:\/\/dev.easyteam.org\/lissonemontalcini\/wp-json\/wp\/v2\/tags?post=35295"}],"curies":[{"name":"wp","href":"https:\/\/api.w.org\/{rel}","templated":true}]}}