{"id":35288,"date":"2026-04-17T11:30:41","date_gmt":"2026-04-17T09:30:41","guid":{"rendered":"https:\/\/dev.easyteam.org\/lissonemontalcini\/?p=35288"},"modified":"2026-04-17T11:37:37","modified_gmt":"2026-04-17T09:37:37","slug":"2-erasmus-23-24","status":"publish","type":"post","link":"https:\/\/dev.easyteam.org\/lissonemontalcini\/2-erasmus-23-24\/","title":{"rendered":"2\u00b0 ERASMUS 21-27"},"content":{"rendered":"\r\n<p>Terminato il primo progetto, ci siamo candidati per l\u2019<strong>accreditamento Erasmus+<\/strong>&nbsp;e\u2026 l\u2019abbiamo ottenuto con lo splendido punteggio di&nbsp;96\/100, con validit\u00e0 dal 01\/02\/2022 al 31\/12\/2027.&nbsp;<\/p>\r\n\r\n\r\n\r\n<p><strong>Che cos\u2019\u00e8 l\u2019accreditamento Erasmus+?&nbsp;<\/strong><\/p>\r\n\r\n\r\n\r\n<p>E\u2019&nbsp;la conferma del fatto che la nostra scuola ha messo a punto un piano per realizzare attivit\u00e0 di mobilit\u00e0 di qualit\u00e0 elevata nel quadro di un\u2019iniziativa pi\u00f9 vasta di sviluppo della propria organizzazione. Permette di accedere a finanziamenti stabili, per un periodo discretamente lungo, cosicch\u00e9 sia possibile attuare un progetto di ampio respiro, che questa volta preveda la mobilit\u00e0 non solo dei docenti, ma anche degli studenti!<\/p>\r\n\r\n\r\n\r\n<p>Se vuoi saperne di pi\u00f9,&nbsp;<a href=\"https:\/\/www.iclissonesecondo.edu.it\/21567-2\/\">leggi l\u2019articolo<\/a>.<\/p>\r\n\r\n\r\n\r\n<div style=\"height:28px\" aria-hidden=\"true\" class=\"wp-block-spacer\"><\/div>\r\n\r\n\r\n\r\n<div style=\"height:28px\" aria-hidden=\"true\" class=\"wp-block-spacer\"><\/div>\r\n\r\n\r\n\r\n<div class=\"wp-block-columns is-layout-flex wp-container-core-columns-is-layout-9d6595d7 wp-block-columns-is-layout-flex\">\r\n<div class=\"wp-block-column is-layout-flow wp-block-column-is-layout-flow\">\r\n<div class=\"wp-block-group\"><div class=\"wp-block-group__inner-container is-layout-constrained wp-block-group-is-layout-constrained\">\r\n<div style=\"height:28px\" aria-hidden=\"true\" class=\"wp-block-spacer\"><\/div>\r\n\r\n\r\n\r\n<div class=\"wp-block-buttons is-layout-flex wp-block-buttons-is-layout-flex\">\r\n<div class=\"wp-block-button\"><a class=\"wp-block-button__link has-luminous-vivid-amber-background-color has-text-color has-background has-link-color wp-element-button\" href=\"www.iclissonesecondo.edu.it\/lissonemontalcini\/accreditamento-erasmus-2023-24\/\" style=\"color:#1028af\">Progetto KA 121 2023-2024<\/a><\/div>\r\n<\/div>\r\n\r\n\r\n\r\n<div style=\"height:26px\" aria-hidden=\"true\" class=\"wp-block-spacer\"><\/div>\r\n\r\n\r\n\r\n<div class=\"wp-block-buttons is-layout-flex wp-block-buttons-is-layout-flex\">\r\n<div class=\"wp-block-button\"><a class=\"wp-block-button__link has-luminous-vivid-amber-background-color has-text-color has-background has-link-color wp-element-button\" href=\"https:\/\/www.iclissonesecondo.edu.it\/accreditamento-erasmus-2024-25\/\" style=\"color:#1028af\">Progetto KA 121 2024-2025<\/a><\/div>\r\n<\/div>\r\n\r\n\r\n\r\n<div style=\"height:28px\" aria-hidden=\"true\" class=\"wp-block-spacer\"><\/div>\r\n<\/div><\/div>\r\n<\/div>\r\n\r\n\r\n\r\n<div class=\"wp-block-column is-layout-flow wp-block-column-is-layout-flow\">\r\n<figure class=\"wp-block-image size-large\"><img decoding=\"async\" data-src=\"http:\/\/www.iclissonesecondo.edu.it\/wp-content\/uploads\/2024\/10\/1728631846546-1024x721.jpg\" alt=\"\" class=\"wp-image-28431 lazyload\" src=\"data:image\/svg+xml;base64,PHN2ZyB3aWR0aD0iMSIgaGVpZ2h0PSIxIiB4bWxucz0iaHR0cDovL3d3dy53My5vcmcvMjAwMC9zdmciPjwvc3ZnPg==\" style=\"--smush-placeholder-width: 1024px; --smush-placeholder-aspect-ratio: 1024\/721;\" \/><\/figure>\r\n<\/div>\r\n<\/div>\r\n","protected":false},"excerpt":{"rendered":"<p>Terminato il primo progetto, ci siamo candidati per l\u2019accreditamento Erasmus+&nbsp;e\u2026 l\u2019abbiamo ottenuto con lo splendido punteggio di&nbsp;96\/100, con validit\u00e0 dal 01\/02\/2022 al 31\/12\/2027.&nbsp; Che cos\u2019\u00e8 l\u2019accreditamento Erasmus+?&nbsp; E\u2019&nbsp;la conferma del fatto che la nostra scuola ha [&hellip;]<\/p>\n","protected":false},"author":1,"featured_media":0,"comment_status":"closed","ping_status":"closed","sticky":false,"template":"","format":"standard","meta":{"qubely_global_settings":"","qubely_interactions":"","advgb_blocks_editor_width":"","advgb_blocks_columns_visual_guide":"","footnotes":""},"tags":[440,444],"class_list":["post-35288","post","type-post","status-publish","format-standard","hentry","tag-alunni","tag-genitori","tipologia-articolo-erasmus"],"gutentor_comment":0,"qubely_featured_image_url":null,"qubely_author":{"display_name":"Webmaster","author_link":"https:\/\/dev.easyteam.org\/lissonemontalcini\/author\/easyadmin\/"},"qubely_comment":0,"qubely_category":"","qubely_excerpt":"Terminato il primo progetto, ci siamo candidati per l\u2019accreditamento Erasmus+&nbsp;e\u2026 l\u2019abbiamo ottenuto con lo splendido punteggio di&nbsp;96\/100, con validit\u00e0 dal 01\/02\/2022 al 31\/12\/2027.&nbsp; Che cos\u2019\u00e8 l\u2019accreditamento Erasmus+?&nbsp; E\u2019&nbsp;la conferma del fatto che la nostra scuola ha [&hellip;]","author_meta":{"display_name":"Webmaster","author_link":"https:\/\/dev.easyteam.org\/lissonemontalcini\/author\/easyadmin\/"},"featured_img":null,"coauthors":[],"tax_additional":{"tags":{"linked":["<a href=\"\" class=\"advgb-post-tax-term\">alunni<\/a>","<a href=\"\" class=\"advgb-post-tax-term\">genitori<\/a>"],"unlinked":["<span class=\"advgb-post-tax-term\">alunni<\/span>","<span class=\"advgb-post-tax-term\">genitori<\/span>"]}},"comment_count":"0","relative_dates":{"created":"Pubblicato 2 settimane fa","modified":"Aggiornato 2 settimane fa"},"absolute_dates":{"created":"Pubblicato il 17 Aprile 2026","modified":"Aggiornato il 17 Aprile 2026"},"absolute_dates_time":{"created":"Pubblicato il 17 Aprile 2026 11:30","modified":"Aggiornato il 17 Aprile 2026 11:37"},"featured_img_caption":"","series_order":"","publishpress_future_action":{"enabled":false,"date":"2026-05-06 13:42:45","action":"change-status","newStatus":"draft","terms":[],"taxonomy":"tipologia-articolo","extraData":[]},"publishpress_future_workflow_manual_trigger":{"enabledWorkflows":[]},"rttpg_featured_image_url":null,"rttpg_author":{"display_name":"Webmaster","author_link":"https:\/\/dev.easyteam.org\/lissonemontalcini\/author\/easyadmin\/"},"rttpg_comment":0,"rttpg_category":"","rttpg_excerpt":"Terminato il primo progetto, ci siamo candidati per l\u2019accreditamento Erasmus+&nbsp;e\u2026 l\u2019abbiamo ottenuto con lo splendido punteggio di&nbsp;96\/100, con validit\u00e0 dal 01\/02\/2022 al 31\/12\/2027.&nbsp; Che cos\u2019\u00e8 l\u2019accreditamento Erasmus+?&nbsp; E\u2019&nbsp;la conferma del fatto che la nostra scuola ha [&hellip;]","post_mailing_queue_ids":[],"_links":{"self":[{"href":"https:\/\/dev.easyteam.org\/lissonemontalcini\/wp-json\/wp\/v2\/posts\/35288","targetHints":{"allow":["GET"]}}],"collection":[{"href":"https:\/\/dev.easyteam.org\/lissonemontalcini\/wp-json\/wp\/v2\/posts"}],"about":[{"href":"https:\/\/dev.easyteam.org\/lissonemontalcini\/wp-json\/wp\/v2\/types\/post"}],"author":[{"embeddable":true,"href":"https:\/\/dev.easyteam.org\/lissonemontalcini\/wp-json\/wp\/v2\/users\/1"}],"replies":[{"embeddable":true,"href":"https:\/\/dev.easyteam.org\/lissonemontalcini\/wp-json\/wp\/v2\/comments?post=35288"}],"version-history":[{"count":4,"href":"https:\/\/dev.easyteam.org\/lissonemontalcini\/wp-json\/wp\/v2\/posts\/35288\/revisions"}],"predecessor-version":[{"id":35294,"href":"https:\/\/dev.easyteam.org\/lissonemontalcini\/wp-json\/wp\/v2\/posts\/35288\/revisions\/35294"}],"wp:attachment":[{"href":"https:\/\/dev.easyteam.org\/lissonemontalcini\/wp-json\/wp\/v2\/media?parent=35288"}],"wp:term":[{"taxonomy":"post_tag","embeddable":true,"href":"https:\/\/dev.easyteam.org\/lissonemontalcini\/wp-json\/wp\/v2\/tags?post=35288"}],"curies":[{"name":"wp","href":"https:\/\/api.w.org\/{rel}","templated":true}]}}